{"id":13656,"date":"2025-02-19T15:05:20","date_gmt":"2025-02-19T14:05:20","guid":{"rendered":"https:\/\/bibliotheken-schaffhausen.ch\/?p=13656"},"modified":"2025-11-25T13:43:45","modified_gmt":"2025-11-25T12:43:45","slug":"glitsch-von-adam-schwarz","status":"publish","type":"post","link":"https:\/\/bibliotheken-schaffhausen.ch\/de\/2025\/02\/19\/glitsch-von-adam-schwarz\/","title":{"rendered":"Glitsch von Adam Schwarz"},"content":{"rendered":"<p><strong>Buchempfehlung von Oliver Thiele<br \/>\n<\/strong><strong>\u00abGlitsch\u00bb von Adam Schwarz (Zytglogge, 2023)<\/strong><\/p>\n<p>Florian Oegerli, in B\u00fclach geboren, schrieb unter dem Pseudonym Adam Schwarz zwei Romane. \u00abGlitsch\u00bb, sein zweites Buch, war im Herbst 2023 f\u00fcr den Schweizer Buchpreis nominiert. Sogenannte Glitches sind tats\u00e4chlich ein Leitmotiv des Buchs. Gemeint sind die teilweise kultigen Programmfehler und Abst\u00fcrze in \u00e4lteren Computerspielprogrammen. Bei denen kennt sich L\u00e9on aus, ein junger Mann, der mit seiner Freundin eine Kreuzfahrt durch die schmelzende Arktis macht. Allerdings wollte sie ihn nicht dabeihaben, denn ihre Beziehung ist wohl ziemlich auf Eis gelegt \u2013 wobei dieses in Zeiten des Klimawandels ja Mangelware ist; das Buch spielt in einer nicht genau definierten n\u00e4heren Zukunft.<\/p>\n<p>Diese Kreuzfahrt gleitet schnell ins Seltsame, Skurrile und Abgr\u00fcndige ab. Denn Kathrin, L\u00e9ons Freundin, verschwindet, und es gelingt ihm nicht, sie auf dem grossen Schiff wiederzufinden. Schlimmer noch: Es scheint, als sei er, L\u00e9on, gar nicht auf der Passagierliste und somit ein blinder Passagier. L\u00e9on treibt heimatlos durch die verschiedenen Decks des Schiffs und kommt schliesslich im d\u00fcsteren Personalbereich unter, wo auch nicht alles ganz erkl\u00e4rlich scheint. So gibt es etwa eine glitschige Algenplage in den Kabinen \u2013 oder ist das alles nur ein Fehler im Bordprogramm?<\/p>\n<p>&nbsp;<\/p>\n","protected":false},"excerpt":{"rendered":"<p>Buchempfehlung von Oliver Thiele \u00abGlitsch\u00bb von Adam Schwarz (Zytglogge, 2023) Florian Oegerli, in B\u00fclach geboren, schrieb unter dem Pseudonym Adam Schwarz zwei Romane. \u00abGlitsch\u00bb, sein zweites Buch, war im Herbst [&hellip;]<\/p>\n","protected":false},"author":10,"featured_media":13657,"comment_status":"closed","ping_status":"closed","sticky":false,"template":"","format":"standard","meta":{"_et_pb_use_builder":"","_et_pb_old_content":"","_et_gb_content_width":"","footnotes":""},"categories":[173],"tags":[172],"class_list":["post-13656","post","type-post","status-publish","format-standard","has-post-thumbnail","hentry","category-rezensionen","tag-blog"],"_links":{"self":[{"href":"https:\/\/bibliotheken-schaffhausen.ch\/de\/wp-json\/wp\/v2\/posts\/13656","targetHints":{"allow":["GET"]}}],"collection":[{"href":"https:\/\/bibliotheken-schaffhausen.ch\/de\/wp-json\/wp\/v2\/posts"}],"about":[{"href":"https:\/\/bibliotheken-schaffhausen.ch\/de\/wp-json\/wp\/v2\/types\/post"}],"author":[{"embeddable":true,"href":"https:\/\/bibliotheken-schaffhausen.ch\/de\/wp-json\/wp\/v2\/users\/10"}],"replies":[{"embeddable":true,"href":"https:\/\/bibliotheken-schaffhausen.ch\/de\/wp-json\/wp\/v2\/comments?post=13656"}],"version-history":[{"count":3,"href":"https:\/\/bibliotheken-schaffhausen.ch\/de\/wp-json\/wp\/v2\/posts\/13656\/revisions"}],"predecessor-version":[{"id":14496,"href":"https:\/\/bibliotheken-schaffhausen.ch\/de\/wp-json\/wp\/v2\/posts\/13656\/revisions\/14496"}],"wp:featuredmedia":[{"embeddable":true,"href":"https:\/\/bibliotheken-schaffhausen.ch\/de\/wp-json\/wp\/v2\/media\/13657"}],"wp:attachment":[{"href":"https:\/\/bibliotheken-schaffhausen.ch\/de\/wp-json\/wp\/v2\/media?parent=13656"}],"wp:term":[{"taxonomy":"category","embeddable":true,"href":"https:\/\/bibliotheken-schaffhausen.ch\/de\/wp-json\/wp\/v2\/categories?post=13656"},{"taxonomy":"post_tag","embeddable":true,"href":"https:\/\/bibliotheken-schaffhausen.ch\/de\/wp-json\/wp\/v2\/tags?post=13656"}],"curies":[{"name":"wp","href":"https:\/\/api.w.org\/{rel}","templated":true}]}}