{"id":13641,"date":"2025-02-19T13:57:50","date_gmt":"2025-02-19T12:57:50","guid":{"rendered":"https:\/\/bibliotheken-schaffhausen.ch\/?p=13641"},"modified":"2025-11-25T13:46:09","modified_gmt":"2025-11-25T12:46:09","slug":"das-land-der-anderen-von-leila-slimani","status":"publish","type":"post","link":"https:\/\/bibliotheken-schaffhausen.ch\/de\/2025\/02\/19\/das-land-der-anderen-von-leila-slimani\/","title":{"rendered":"Das Land der Anderen von Le\u00efla Slimani"},"content":{"rendered":"<p><strong>Buchempfehlung von Oliver Thiele<br \/>\n&#8220;Das Land der Anderen&#8221; von Le\u00efla Slimani (Luchterhand, 2021)<\/strong><\/p>\n<p>Le\u00efla Slimanis Roman hat mir extrem gut gefallen. Die Franz\u00f6sin mit marokkanischen Wurzeln bedient sich ihrer Familiengeschichte f\u00fcr ihren neuen Roman, der als Trilogie angelegt ist. Die Ehe der Els\u00e4sserin Mathilde und des Marokkaners Amine ist von Liebe und Leidenschaft gepr\u00e4gt, aber auch von Fremdheit und Gewalt seitens Amine. Tradition und Moderne stehen in der marokkanischen Heimat und in der Familie im Konflikt. Slimani erz\u00e4hlt die Geschichte n\u00fcchtern, elegant und differenziert. Ein grosser Wurf!<\/p>\n","protected":false},"excerpt":{"rendered":"<p>Buchempfehlung von Oliver Thiele &#8220;Das Land der Anderen&#8221; von Le\u00efla Slimani (Luchterhand, 2021) Le\u00efla Slimanis Roman hat mir extrem gut gefallen. Die Franz\u00f6sin mit marokkanischen Wurzeln bedient sich ihrer Familiengeschichte [&hellip;]<\/p>\n","protected":false},"author":10,"featured_media":13642,"comment_status":"closed","ping_status":"closed","sticky":false,"template":"","format":"standard","meta":{"_et_pb_use_builder":"","_et_pb_old_content":"","_et_gb_content_width":"","footnotes":""},"categories":[173],"tags":[172],"class_list":["post-13641","post","type-post","status-publish","format-standard","has-post-thumbnail","hentry","category-rezensionen","tag-blog"],"_links":{"self":[{"href":"https:\/\/bibliotheken-schaffhausen.ch\/de\/wp-json\/wp\/v2\/posts\/13641","targetHints":{"allow":["GET"]}}],"collection":[{"href":"https:\/\/bibliotheken-schaffhausen.ch\/de\/wp-json\/wp\/v2\/posts"}],"about":[{"href":"https:\/\/bibliotheken-schaffhausen.ch\/de\/wp-json\/wp\/v2\/types\/post"}],"author":[{"embeddable":true,"href":"https:\/\/bibliotheken-schaffhausen.ch\/de\/wp-json\/wp\/v2\/users\/10"}],"replies":[{"embeddable":true,"href":"https:\/\/bibliotheken-schaffhausen.ch\/de\/wp-json\/wp\/v2\/comments?post=13641"}],"version-history":[{"count":3,"href":"https:\/\/bibliotheken-schaffhausen.ch\/de\/wp-json\/wp\/v2\/posts\/13641\/revisions"}],"predecessor-version":[{"id":14498,"href":"https:\/\/bibliotheken-schaffhausen.ch\/de\/wp-json\/wp\/v2\/posts\/13641\/revisions\/14498"}],"wp:featuredmedia":[{"embeddable":true,"href":"https:\/\/bibliotheken-schaffhausen.ch\/de\/wp-json\/wp\/v2\/media\/13642"}],"wp:attachment":[{"href":"https:\/\/bibliotheken-schaffhausen.ch\/de\/wp-json\/wp\/v2\/media?parent=13641"}],"wp:term":[{"taxonomy":"category","embeddable":true,"href":"https:\/\/bibliotheken-schaffhausen.ch\/de\/wp-json\/wp\/v2\/categories?post=13641"},{"taxonomy":"post_tag","embeddable":true,"href":"https:\/\/bibliotheken-schaffhausen.ch\/de\/wp-json\/wp\/v2\/tags?post=13641"}],"curies":[{"name":"wp","href":"https:\/\/api.w.org\/{rel}","templated":true}]}}